{"id":355231,"date":"2023-09-09T17:13:33","date_gmt":"2023-09-09T15:13:33","guid":{"rendered":"https:\/\/levanteymar.com\/2023\/09\/09\/castillo-de-denia\/"},"modified":"2023-09-09T17:13:42","modified_gmt":"2023-09-09T15:13:42","slug":"castillo-de-denia","status":"publish","type":"post","link":"https:\/\/levanteymar.com\/es\/2023\/09\/09\/castillo-de-denia\/","title":{"rendered":"Castillo de Denia"},"content":{"rendered":"<p>[et_pb_section fb_built=\u00bb1&#8243; custom_padding_last_edited=\u00bboff|desktop\u00bb admin_label=\u00bbHeader\u00bb _builder_version=\u00bb4.16&#8243; use_background_color_gradient=\u00bbon\u00bb background_color_gradient_direction=\u00bb90deg\u00bb background_color_gradient_stops=\u00bb#ffffff 50%|#e9e7e8 50%\u00bb background_color_gradient_start=\u00bb#ffffff\u00bb background_color_gradient_start_position=\u00bb50%\u00bb background_color_gradient_end=\u00bb#e9e7e8&#8243; background_color_gradient_end_position=\u00bb50%\u00bb background_image=\u00bbhttps:\/\/levanteymar.com\/wp-content\/uploads\/2023\/01\/art-gallery-60-1.png\u00bb width=\u00bb100%\u00bb max_width=\u00bb100%\u00bb max_width_tablet=\u00bb\u00bb max_width_phone=\u00bb\u00bb max_width_last_edited=\u00bbon|desktop\u00bb custom_padding=\u00bb10vw||10vw||true|\u00bb custom_padding_tablet=\u00bb5vw||5vw||true\u00bb background_last_edited=\u00bbon|phone\u00bb use_background_color_gradient_tablet=\u00bbon\u00bb use_background_color_gradient_phone=\u00bbon\u00bb background_color_gradient_stops_tablet=\u00bb#efefef 73%|#e9e7e8 73%\u00bb background_color_gradient_stops_phone=\u00bb#efefef 100%|#e9e7e8 100%\u00bb background_color_gradient_start_tablet=\u00bb#efefef\u00bb background_color_gradient_start_position_tablet=\u00bb73%\u00bb background_color_gradient_start_position_phone=\u00bb100%\u00bb background_position_tablet=\u00bbtop_left\u00bb locked=\u00bboff\u00bb global_colors_info=\u00bb{}\u00bb][et_pb_row _builder_version=\u00bb4.16&#8243; use_custom_width=\u00bbon\u00bb width_unit=\u00bboff\u00bb custom_width_percent=\u00bb100%\u00bb locked=\u00bboff\u00bb global_colors_info=\u00bb{}\u00bb][et_pb_column type=\u00bb4_4&#8243; _builder_version=\u00bb4.16&#8243; custom_padding=\u00bb|||\u00bb global_colors_info=\u00bb{}\u00bb custom_padding__hover=\u00bb|||\u00bb][et_pb_text _builder_version=\u00bb4.22.1&#8243; text_font=\u00bb||||||||\u00bb header_font=\u00bb||||||||\u00bb header_text_align=\u00bbleft\u00bb header_text_color=\u00bb#333333&#8243; header_font_size=\u00bb86px\u00bb header_2_font=\u00bb|500||on|||||\u00bb header_2_font_size=\u00bb14px\u00bb header_2_letter_spacing=\u00bb5px\u00bb header_2_line_height=\u00bb2em\u00bb transform_translate_linked=\u00bboff\u00bb max_width=\u00bb100%\u00bb max_width_tablet=\u00bb70%\u00bb max_width_last_edited=\u00bboff|phone\u00bb header_font_size_tablet=\u00bb80px\u00bb header_font_size_phone=\u00bb50px\u00bb header_font_size_last_edited=\u00bbon|phone\u00bb global_colors_info=\u00bb{}\u00bb]<\/p>\n<h1>Castillo de Denia<\/h1>\n<p>[\/et_pb_text][\/et_pb_column][\/et_pb_row][\/et_pb_section][et_pb_section fb_built=\u00bb1&#8243; _builder_version=\u00bb4.17.4&#8243; _module_preset=\u00bbdefault\u00bb custom_margin=\u00bb-57px||||false|false\u00bb custom_padding=\u00bb||5px|||\u00bb global_colors_info=\u00bb{}\u00bb][et_pb_row column_structure=\u00bb1_3,1_3,1_3&#8243; _builder_version=\u00bb4.17.4&#8243; _module_preset=\u00bbdefault\u00bb custom_margin=\u00bb-48px||||false|false\u00bb global_colors_info=\u00bb{}\u00bb][et_pb_column type=\u00bb1_3&#8243; _builder_version=\u00bb4.17.4&#8243; _module_preset=\u00bbdefault\u00bb global_colors_info=\u00bb{}\u00bb][et_pb_image src=\u00bbhttps:\/\/levanteymar.com\/wp-content\/uploads\/2023\/09\/20221123_194812-1a-rotated.jpg\u00bb title_text=\u00bb20221123_194812 1a\u00bb show_in_lightbox=\u00bbon\u00bb _builder_version=\u00bb4.22.1&#8243; _module_preset=\u00bbdefault\u00bb global_colors_info=\u00bb{}\u00bb][\/et_pb_image][\/et_pb_column][et_pb_column type=\u00bb1_3&#8243; _builder_version=\u00bb4.17.4&#8243; _module_preset=\u00bbdefault\u00bb global_colors_info=\u00bb{}\u00bb][et_pb_text _builder_version=\u00bb4.22.1&#8243; _module_preset=\u00bbdefault\u00bb custom_margin=\u00bb83px||||false|false\u00bb global_colors_info=\u00bb{}\u00bb]<\/p>\n<p>Todo empez\u00f3 con estas miniaturas.<\/p>\n<p>A la izquierda, el primer y m\u00e1s peque\u00f1o cuadro (11 x 11 cm) sobre cart\u00f3n para pintar hecho por uno mismo a partir de los recortes de una vela original de casi 50 metros cuadrados.<\/p>\n<p>A la derecha, el formato midi (15 x 15 cm) sobre lienzos usados sobre los que he pintado.<\/p>\n<p>[\/et_pb_text][\/et_pb_column][et_pb_column type=\u00bb1_3&#8243; _builder_version=\u00bb4.17.4&#8243; _module_preset=\u00bbdefault\u00bb global_colors_info=\u00bb{}\u00bb][et_pb_image src=\u00bbhttps:\/\/levanteymar.com\/wp-content\/uploads\/2023\/09\/20230413_155010ab.jpg\u00bb title_text=\u00bb20230413_155010ab\u00bb _builder_version=\u00bb4.22.1&#8243; _module_preset=\u00bbdefault\u00bb global_colors_info=\u00bb{}\u00bb][\/et_pb_image][\/et_pb_column][\/et_pb_row][et_pb_row column_structure=\u00bb3_4,1_4&#8243; _builder_version=\u00bb4.22.1&#8243; _module_preset=\u00bbdefault\u00bb global_colors_info=\u00bb{}\u00bb][et_pb_column type=\u00bb3_4&#8243; _builder_version=\u00bb4.22.1&#8243; _module_preset=\u00bbdefault\u00bb global_colors_info=\u00bb{}\u00bb][et_pb_image src=\u00bbhttps:\/\/levanteymar.com\/wp-content\/uploads\/2023\/09\/20230415_170557_k.jpg\u00bb title_text=\u00bb20230415_170557_k\u00bb _builder_version=\u00bb4.22.1&#8243; _module_preset=\u00bbdefault\u00bb global_colors_info=\u00bb{}\u00bb][\/et_pb_image][\/et_pb_column][et_pb_column type=\u00bb1_4&#8243; _builder_version=\u00bb4.22.1&#8243; _module_preset=\u00bbdefault\u00bb global_colors_info=\u00bb{}\u00bb][et_pb_text _builder_version=\u00bb4.22.1&#8243; _module_preset=\u00bbdefault\u00bb custom_margin=\u00bb200px||||false|false\u00bb custom_padding=\u00bb||0px|||\u00bb global_colors_info=\u00bb{}\u00bb]<\/p>\n<h2>\u00bfReconoce este lienzo?<\/h2>\n<p>Es la Belleza Negra del <a href=\"https:\/\/www.youtube.com\/watch?v=hnE_BuuIrYY\" target=\"_blank\" rel=\"noopener\">making-of en<\/a> el que mostr\u00e9 c\u00f3mo hago mis lienzos con las dos velas viejas. Tuvo que esperar seis meses, preparada y lista, para este momento.<\/p>\n<p>Lo que tienen en com\u00fan todos los cuadros de Denia, grandes y peque\u00f1os, es que est\u00e1n pintados sobre imprimaci\u00f3n negra.<\/p>\n<p>[\/et_pb_text][\/et_pb_column][\/et_pb_row][et_pb_row column_structure=\u00bb1_4,3_4&#8243; _builder_version=\u00bb4.19.2&#8243; _module_preset=\u00bbdefault\u00bb global_colors_info=\u00bb{}\u00bb][et_pb_column type=\u00bb1_4&#8243; _builder_version=\u00bb4.19.2&#8243; _module_preset=\u00bbdefault\u00bb global_colors_info=\u00bb{}\u00bb][et_pb_text _builder_version=\u00bb4.22.1&#8243; _module_preset=\u00bbdefault\u00bb custom_margin=\u00bb272px||||false|false\u00bb global_colors_info=\u00bb{}\u00bb]<\/p>\n<p>Quiz\u00e1s un poco en orden hist\u00f3rico, primero la colina del castillo, luego el Castillo y m\u00e1s tarde emerge la silueta de la ciudad y los coloridos puestos del puerto.<\/p>\n<p>[\/et_pb_text][\/et_pb_column][et_pb_column type=\u00bb3_4&#8243; _builder_version=\u00bb4.19.2&#8243; _module_preset=\u00bbdefault\u00bb global_colors_info=\u00bb{}\u00bb][et_pb_image src=\u00bbhttps:\/\/levanteymar.com\/wp-content\/uploads\/2023\/09\/20230507_152225_k.jpg\u00bb title_text=\u00bb20230507_152225_k\u00bb _builder_version=\u00bb4.22.1&#8243; _module_preset=\u00bbdefault\u00bb global_colors_info=\u00bb{}\u00bb][\/et_pb_image][\/et_pb_column][\/et_pb_row][et_pb_row column_structure=\u00bb3_4,1_4&#8243; _builder_version=\u00bb4.19.5&#8243; _module_preset=\u00bbdefault\u00bb global_colors_info=\u00bb{}\u00bb][et_pb_column type=\u00bb3_4&#8243; _builder_version=\u00bb4.19.5&#8243; _module_preset=\u00bbdefault\u00bb global_colors_info=\u00bb{}\u00bb][et_pb_image src=\u00bbhttps:\/\/levanteymar.com\/wp-content\/uploads\/2023\/09\/20230521_185944_k.jpg\u00bb title_text=\u00bb20230521_185944_k\u00bb _builder_version=\u00bb4.22.1&#8243; _module_preset=\u00bbdefault\u00bb global_colors_info=\u00bb{}\u00bb][\/et_pb_image][\/et_pb_column][et_pb_column type=\u00bb1_4&#8243; _builder_version=\u00bb4.19.5&#8243; _module_preset=\u00bbdefault\u00bb global_colors_info=\u00bb{}\u00bb][et_pb_text _builder_version=\u00bb4.22.1&#8243; _module_preset=\u00bbdefault\u00bb custom_margin=\u00bb329px||||false|false\u00bb global_colors_info=\u00bb{}\u00bb]<\/p>\n<p>Se est\u00e1n instalando las primeras ventanas y los barcos ya han atracado.<\/p>\n<p>[\/et_pb_text][\/et_pb_column][\/et_pb_row][et_pb_row column_structure=\u00bb1_4,3_4&#8243; _builder_version=\u00bb4.19.5&#8243; _module_preset=\u00bbdefault\u00bb global_colors_info=\u00bb{}\u00bb][et_pb_column type=\u00bb1_4&#8243; _builder_version=\u00bb4.19.5&#8243; _module_preset=\u00bbdefault\u00bb global_colors_info=\u00bb{}\u00bb][et_pb_text _builder_version=\u00bb4.22.1&#8243; _module_preset=\u00bbdefault\u00bb custom_margin=\u00bb140px||||false|false\u00bb global_colors_info=\u00bb{}\u00bb]<\/p>\n<p>&nbsp;<\/p>\n<p>&nbsp;<\/p>\n<p>Cuando las casas est\u00e1n terminadas, le siguen las zonas verdes con las palmeras y lo m\u00e1s importante de todo: la luz y sus reflejos en el agua.<\/p>\n<p>[\/et_pb_text][\/et_pb_column][et_pb_column type=\u00bb3_4&#8243; _builder_version=\u00bb4.19.5&#8243; _module_preset=\u00bbdefault\u00bb global_colors_info=\u00bb{}\u00bb][et_pb_image src=\u00bbhttps:\/\/levanteymar.com\/wp-content\/uploads\/2023\/09\/20230609_183107_k.jpg\u00bb title_text=\u00bb20230609_183107_k\u00bb _builder_version=\u00bb4.22.1&#8243; _module_preset=\u00bbdefault\u00bb global_colors_info=\u00bb{}\u00bb][\/et_pb_image][\/et_pb_column][\/et_pb_row][et_pb_row column_structure=\u00bb3_4,1_4&#8243; _builder_version=\u00bb4.22.1&#8243; _module_preset=\u00bbdefault\u00bb global_colors_info=\u00bb{}\u00bb][et_pb_column type=\u00bb3_4&#8243; _builder_version=\u00bb4.22.1&#8243; _module_preset=\u00bbdefault\u00bb global_colors_info=\u00bb{}\u00bb][et_pb_image src=\u00bbhttps:\/\/levanteymar.com\/wp-content\/uploads\/2023\/09\/20230829_124123ab.jpg\u00bb title_text=\u00bb20230829_124123ab\u00bb _builder_version=\u00bb4.22.1&#8243; _module_preset=\u00bbdefault\u00bb global_colors_info=\u00bb{}\u00bb][\/et_pb_image][\/et_pb_column][et_pb_column type=\u00bb1_4&#8243; _builder_version=\u00bb4.22.1&#8243; _module_preset=\u00bbdefault\u00bb global_colors_info=\u00bb{}\u00bb][et_pb_text _builder_version=\u00bb4.22.1&#8243; _module_preset=\u00bbdefault\u00bb custom_margin=\u00bb336px||||false|false\u00bb global_colors_info=\u00bb{}\u00bb]<\/p>\n<p>Tras lo que parecen infinitas pinceladas, se alza majestuoso: el Castillo del puerto de Denia.<\/p>\n<p>[\/et_pb_text][\/et_pb_column][\/et_pb_row][\/et_pb_section]<\/p>\n","protected":false},"excerpt":{"rendered":"<p>Comenz\u00f3 con peque\u00f1as miniaturas de Castillo. Seis meses tuvo que esperar la gran Belleza Negra del making-of de la pel\u00edcula black primed para su gran momento &#8230;  <\/p>\n","protected":false},"author":2,"featured_media":355013,"comment_status":"closed","ping_status":"closed","sticky":false,"template":"","format":"standard","meta":{"_et_pb_use_builder":"on","_et_pb_old_content":"","_et_gb_content_width":"","footnotes":""},"categories":[2],"tags":[],"class_list":["post-355231","post","type-post","status-publish","format-standard","has-post-thumbnail","hentry","category-sin-categorizar"],"_links":{"self":[{"href":"https:\/\/levanteymar.com\/es\/wp-json\/wp\/v2\/posts\/355231","targetHints":{"allow":["GET"]}}],"collection":[{"href":"https:\/\/levanteymar.com\/es\/wp-json\/wp\/v2\/posts"}],"about":[{"href":"https:\/\/levanteymar.com\/es\/wp-json\/wp\/v2\/types\/post"}],"author":[{"embeddable":true,"href":"https:\/\/levanteymar.com\/es\/wp-json\/wp\/v2\/users\/2"}],"replies":[{"embeddable":true,"href":"https:\/\/levanteymar.com\/es\/wp-json\/wp\/v2\/comments?post=355231"}],"version-history":[{"count":3,"href":"https:\/\/levanteymar.com\/es\/wp-json\/wp\/v2\/posts\/355231\/revisions"}],"predecessor-version":[{"id":355237,"href":"https:\/\/levanteymar.com\/es\/wp-json\/wp\/v2\/posts\/355231\/revisions\/355237"}],"wp:featuredmedia":[{"embeddable":true,"href":"https:\/\/levanteymar.com\/es\/wp-json\/wp\/v2\/media\/355013"}],"wp:attachment":[{"href":"https:\/\/levanteymar.com\/es\/wp-json\/wp\/v2\/media?parent=355231"}],"wp:term":[{"taxonomy":"category","embeddable":true,"href":"https:\/\/levanteymar.com\/es\/wp-json\/wp\/v2\/categories?post=355231"},{"taxonomy":"post_tag","embeddable":true,"href":"https:\/\/levanteymar.com\/es\/wp-json\/wp\/v2\/tags?post=355231"}],"curies":[{"name":"wp","href":"https:\/\/api.w.org\/{rel}","templated":true}]}}